{"id":1041,"date":"2026-03-10T09:38:24","date_gmt":"2026-03-10T14:38:24","guid":{"rendered":"https:\/\/coarnos.com\/?p=1041"},"modified":"2026-03-10T09:44:51","modified_gmt":"2026-03-10T14:44:51","slug":"inicia-la-copa-libertadores-sub20","status":"publish","type":"post","link":"https:\/\/coarnos.com\/index.php\/2026\/03\/10\/inicia-la-copa-libertadores-sub20\/","title":{"rendered":"Inicia la Copa Libertadores Sub20"},"content":{"rendered":"\n<div class=\"wp-block-media-text is-stacked-on-mobile\"><figure class=\"wp-block-media-text__media\"><img loading=\"lazy\" decoding=\"async\" width=\"768\" height=\"960\" src=\"https:\/\/coarnos.com\/wp-content\/uploads\/2026\/03\/CLSUB20-ARBITROS-CONVOCADOS-MOD-1.png\" alt=\"\" class=\"wp-image-1043 size-full\" srcset=\"https:\/\/coarnos.com\/wp-content\/uploads\/2026\/03\/CLSUB20-ARBITROS-CONVOCADOS-MOD-1.png 768w, https:\/\/coarnos.com\/wp-content\/uploads\/2026\/03\/CLSUB20-ARBITROS-CONVOCADOS-MOD-1-240x300.png 240w, https:\/\/coarnos.com\/wp-content\/uploads\/2026\/03\/CLSUB20-ARBITROS-CONVOCADOS-MOD-1-80x100.png 80w\" sizes=\"auto, (max-width: 768px) 100vw, 768px\" \/><\/figure><div class=\"wp-block-media-text__content\">\n<p>Del 7 al 22 de marzo de 2026, se realiza en Ecuador la Copa Libertadores Sub20. Para esta ocasi\u00f3n nuestra Corporaci\u00f3n de Arbitros cuenta con nuestro \u00e1rbitro internacional Jos\u00e9 Alexander Ort\u00edz, quien encabeza la terna arbitral colombiana que representa el arbitraje nacional en dicha competencia. <\/p>\n\n\n\n<p><a href=\"https:\/\/www.conmebol.com\/noticias\/arbitros-convocados-para-la-conmebol-libertadores-sub20-2026\">https:\/\/www.conmebol.com\/noticias\/arbitros-convocados-para-la-conmebol-libertadores-sub20-2026<\/a><\/p>\n<\/div><\/div>\n\n\n\n<div class=\"wp-block-media-text has-media-on-the-right is-stacked-on-mobile\"><div class=\"wp-block-media-text__content\">\n<p>Se realiz\u00f3 el curso previo a la competici\u00f3n, con una capacitaci\u00f3n f\u00edsica y t\u00e9cnica, junto al reglamento de la competici\u00f3n, donde los \u00e1rbitros se capacitaron para presentar su mejor performance en cada juego.<\/p>\n\n\n\n<p><a href=\"https:\/\/www.conmebol.com\/noticias\/curso-de-arbitros-previo-a-la-conmebol-libertadores-sub20-2026\">https:\/\/www.conmebol.com\/noticias\/curso-de-arbitros-previo-a-la-conmebol-libertadores-sub20-2026<\/a><\/p>\n<\/div><figure class=\"wp-block-media-text__media\"><img loading=\"lazy\" decoding=\"async\" width=\"819\" height=\"1024\" src=\"https:\/\/coarnos.com\/wp-content\/uploads\/2026\/03\/WhatsApp-Image-2026-03-06-at-22.58.31-819x1024.jpeg\" alt=\"\" class=\"wp-image-1044 size-full\" srcset=\"https:\/\/coarnos.com\/wp-content\/uploads\/2026\/03\/WhatsApp-Image-2026-03-06-at-22.58.31-819x1024.jpeg 819w, https:\/\/coarnos.com\/wp-content\/uploads\/2026\/03\/WhatsApp-Image-2026-03-06-at-22.58.31-240x300.jpeg 240w, https:\/\/coarnos.com\/wp-content\/uploads\/2026\/03\/WhatsApp-Image-2026-03-06-at-22.58.31-768x960.jpeg 768w, https:\/\/coarnos.com\/wp-content\/uploads\/2026\/03\/WhatsApp-Image-2026-03-06-at-22.58.31-80x100.jpeg 80w, https:\/\/coarnos.com\/wp-content\/uploads\/2026\/03\/WhatsApp-Image-2026-03-06-at-22.58.31-1228x1536.jpeg 1228w, https:\/\/coarnos.com\/wp-content\/uploads\/2026\/03\/WhatsApp-Image-2026-03-06-at-22.58.31-1638x2048.jpeg 1638w, https:\/\/coarnos.com\/wp-content\/uploads\/2026\/03\/WhatsApp-Image-2026-03-06-at-22.58.31.jpeg 2047w\" sizes=\"auto, (max-width: 819px) 100vw, 819px\" \/><\/figure><\/div>\n\n\n\n<blockquote class=\"wp-block-quote is-layout-flow wp-block-quote-is-layout-flow\">\n<p>Si desea seguir la competencia puede acceder en el enlace oficial de la CONMEBOL COPA LIBERTADORES SUB20 (2026)<\/p>\n\n\n\n<p><a href=\"https:\/\/www.conmebol.com\/conmebol-libertadores-sub-20\">https:\/\/www.conmebol.com\/conmebol-libertadores-sub-20<\/a><\/p>\n<\/blockquote>\n","protected":false},"excerpt":{"rendered":"<p>Del 7 al 22 de marzo de 2026, se realiza en Ecuador la Copa Libertadores Sub20. Para esta ocasi\u00f3n nuestra&hellip;<\/p>\n","protected":false},"author":1,"featured_media":1042,"comment_status":"closed","ping_status":"open","sticky":false,"template":"","format":"standard","meta":{"om_disable_all_campaigns":false,"_mi_skip_tracking":false,"footnotes":"","_expiration-date-status":"","_expiration-date":0,"_expiration-date-type":"","_expiration-date-categories":[],"_expiration-date-options":[]},"categories":[108,109],"tags":[],"class_list":["post-1041","post","type-post","status-publish","format-standard","has-post-thumbnail","hentry","category-eventos","category-nosotros"],"aioseo_notices":[],"_links":{"self":[{"href":"https:\/\/coarnos.com\/index.php\/wp-json\/wp\/v2\/posts\/1041","targetHints":{"allow":["GET"]}}],"collection":[{"href":"https:\/\/coarnos.com\/index.php\/wp-json\/wp\/v2\/posts"}],"about":[{"href":"https:\/\/coarnos.com\/index.php\/wp-json\/wp\/v2\/types\/post"}],"author":[{"embeddable":true,"href":"https:\/\/coarnos.com\/index.php\/wp-json\/wp\/v2\/users\/1"}],"replies":[{"embeddable":true,"href":"https:\/\/coarnos.com\/index.php\/wp-json\/wp\/v2\/comments?post=1041"}],"version-history":[{"count":2,"href":"https:\/\/coarnos.com\/index.php\/wp-json\/wp\/v2\/posts\/1041\/revisions"}],"predecessor-version":[{"id":1046,"href":"https:\/\/coarnos.com\/index.php\/wp-json\/wp\/v2\/posts\/1041\/revisions\/1046"}],"wp:featuredmedia":[{"embeddable":true,"href":"https:\/\/coarnos.com\/index.php\/wp-json\/wp\/v2\/media\/1042"}],"wp:attachment":[{"href":"https:\/\/coarnos.com\/index.php\/wp-json\/wp\/v2\/media?parent=1041"}],"wp:term":[{"taxonomy":"category","embeddable":true,"href":"https:\/\/coarnos.com\/index.php\/wp-json\/wp\/v2\/categories?post=1041"},{"taxonomy":"post_tag","embeddable":true,"href":"https:\/\/coarnos.com\/index.php\/wp-json\/wp\/v2\/tags?post=1041"}],"curies":[{"name":"wp","href":"https:\/\/api.w.org\/{rel}","templated":true}]}}