{"id":1101,"date":"2026-03-11T15:00:26","date_gmt":"2026-03-11T20:00:26","guid":{"rendered":"https:\/\/coarnos.com\/?p=1101"},"modified":"2026-03-11T15:00:42","modified_gmt":"2026-03-11T20:00:42","slug":"entrenamientos-fisicos-especificos","status":"publish","type":"post","link":"https:\/\/coarnos.com\/index.php\/2026\/03\/11\/entrenamientos-fisicos-especificos\/","title":{"rendered":"Entrenamientos F\u00edsicos Espec\u00edficos"},"content":{"rendered":"\n<p class=\"has-medium-font-size\">Nuestros \u00e1rbitros de todas las categor\u00edas, presentes en el Area metropolitana de C\u00facuta cuentan con dos horarios disponibles en Convenio con el IMRD de San Jos\u00e9 de C\u00facuta para implementar las rutinas de entrenamiento f\u00edsico en la pista de Atletismo.<\/p>\n\n\n\n<div class=\"wp-block-media-text is-stacked-on-mobile\"><figure class=\"wp-block-media-text__media\"><img loading=\"lazy\" decoding=\"async\" width=\"828\" height=\"1024\" src=\"https:\/\/coarnos.com\/wp-content\/uploads\/2026\/03\/IMG_6369-2-scaled-e1773258339906-828x1024.jpg\" alt=\"\" class=\"wp-image-1104 size-full\" srcset=\"https:\/\/coarnos.com\/wp-content\/uploads\/2026\/03\/IMG_6369-2-scaled-e1773258339906-828x1024.jpg 828w, https:\/\/coarnos.com\/wp-content\/uploads\/2026\/03\/IMG_6369-2-scaled-e1773258339906-243x300.jpg 243w, https:\/\/coarnos.com\/wp-content\/uploads\/2026\/03\/IMG_6369-2-scaled-e1773258339906-768x949.jpg 768w, https:\/\/coarnos.com\/wp-content\/uploads\/2026\/03\/IMG_6369-2-scaled-e1773258339906-81x100.jpg 81w, https:\/\/coarnos.com\/wp-content\/uploads\/2026\/03\/IMG_6369-2-scaled-e1773258339906-1243x1536.jpg 1243w, https:\/\/coarnos.com\/wp-content\/uploads\/2026\/03\/IMG_6369-2-scaled-e1773258339906-1657x2048.jpg 1657w, https:\/\/coarnos.com\/wp-content\/uploads\/2026\/03\/IMG_6369-2-scaled-e1773258339906.jpg 1877w\" sizes=\"auto, (max-width: 828px) 100vw, 828px\" \/><\/figure><div class=\"wp-block-media-text__content\">\n<p class=\"has-medium-font-size\">Todos los colegiados realizan trabajos en grupos orientados a mejorar de acuerdo a la categor\u00eda que ostente el mismo. Es por ello que los horarios dispuestos en la pista de atletismo se desarrollan trabajos espec\u00edficos para mejorar las capacidades como la fuerza, la reacci\u00f3n, la velocidad, la aceleraci\u00f3n, la resistencia RSA, trabajos de mediana y alta intensidad.<\/p>\n<\/div><\/div>\n\n\n\n<div class=\"wp-block-media-text has-media-on-the-right is-stacked-on-mobile\"><div class=\"wp-block-media-text__content\">\n<p class=\"has-medium-font-size\">Estos trabajos f\u00edsicos son complementarios a las pr\u00e1cticas de campo que se desarrollan en escenarios de f\u00fatbol con jugadores y sin jugadores, las clases te\u00f3ricas de los diversos t\u00f3picos y las actualizaciones de las reglas de juego. <\/p>\n\n\n\n<p class=\"has-medium-font-size\">Todas estas actividades desarrolladas por la Comisi\u00f3n T\u00e9cnica en conjunto con los convenios desarrollados por el Comit\u00e9 Ejecutivo de la Corporaci\u00f3n.<\/p>\n<\/div><figure class=\"wp-block-media-text__media\"><img loading=\"lazy\" decoding=\"async\" width=\"868\" height=\"1024\" src=\"https:\/\/coarnos.com\/wp-content\/uploads\/2026\/03\/IMG_6322-2-scaled-e1773258614674-868x1024.jpg\" alt=\"\" class=\"wp-image-1105 size-full\" srcset=\"https:\/\/coarnos.com\/wp-content\/uploads\/2026\/03\/IMG_6322-2-scaled-e1773258614674-868x1024.jpg 868w, https:\/\/coarnos.com\/wp-content\/uploads\/2026\/03\/IMG_6322-2-scaled-e1773258614674-254x300.jpg 254w, https:\/\/coarnos.com\/wp-content\/uploads\/2026\/03\/IMG_6322-2-scaled-e1773258614674-768x906.jpg 768w, https:\/\/coarnos.com\/wp-content\/uploads\/2026\/03\/IMG_6322-2-scaled-e1773258614674-85x100.jpg 85w, https:\/\/coarnos.com\/wp-content\/uploads\/2026\/03\/IMG_6322-2-scaled-e1773258614674-1301x1536.jpg 1301w, https:\/\/coarnos.com\/wp-content\/uploads\/2026\/03\/IMG_6322-2-scaled-e1773258614674-1735x2048.jpg 1735w, https:\/\/coarnos.com\/wp-content\/uploads\/2026\/03\/IMG_6322-2-scaled-e1773258614674.jpg 1920w\" sizes=\"auto, (max-width: 868px) 100vw, 868px\" \/><\/figure><\/div>\n\n\n\n<div class=\"wp-block-media-text is-stacked-on-mobile\"><figure class=\"wp-block-media-text__media\"><img loading=\"lazy\" decoding=\"async\" width=\"799\" height=\"1024\" src=\"https:\/\/coarnos.com\/wp-content\/uploads\/2026\/03\/IMG_5917-scaled-e1773258931411-799x1024.jpg\" alt=\"\" class=\"wp-image-1106 size-full\" srcset=\"https:\/\/coarnos.com\/wp-content\/uploads\/2026\/03\/IMG_5917-scaled-e1773258931411-799x1024.jpg 799w, https:\/\/coarnos.com\/wp-content\/uploads\/2026\/03\/IMG_5917-scaled-e1773258931411-234x300.jpg 234w, https:\/\/coarnos.com\/wp-content\/uploads\/2026\/03\/IMG_5917-scaled-e1773258931411-768x985.jpg 768w, https:\/\/coarnos.com\/wp-content\/uploads\/2026\/03\/IMG_5917-scaled-e1773258931411-78x100.jpg 78w, https:\/\/coarnos.com\/wp-content\/uploads\/2026\/03\/IMG_5917-scaled-e1773258931411-1198x1536.jpg 1198w, https:\/\/coarnos.com\/wp-content\/uploads\/2026\/03\/IMG_5917-scaled-e1773258931411-1597x2048.jpg 1597w, https:\/\/coarnos.com\/wp-content\/uploads\/2026\/03\/IMG_5917-scaled-e1773258931411.jpg 1920w\" sizes=\"auto, (max-width: 799px) 100vw, 799px\" \/><\/figure><div class=\"wp-block-media-text__content\">\n<p class=\"has-medium-font-size\">Las actividades para este 2026 se han distribuido de la siguiente manera:<\/p>\n\n\n\n<p class=\"has-medium-font-size\">Charla te\u00f3rica los lunes (martes si el lunes es festivo).<\/p>\n\n\n\n<p class=\"has-medium-font-size\">Entrenamientos f\u00edsicos en la pista de atletismo en horarios de 6:30 am y 6:30 pm de martes a viernes*, as\u00ed mismo 8:00 pm en la cancha de Sevilla para nuestros \u00e1rbitros que por estudio o trabajo no pueden asistir a la pista de atletismo.<\/p>\n\n\n\n<p class=\"has-medium-font-size\">Dos pr\u00e1cticas o una pr\u00e1ctica de campo con jugadores en la semana.<\/p>\n\n\n\n<p class=\"has-medium-font-size\">Una pr\u00e1ctica de campo sin jugadores a la semana.<\/p>\n<\/div><\/div>\n","protected":false},"excerpt":{"rendered":"<p>Nuestros \u00e1rbitros de todas las categor\u00edas, presentes en el Area metropolitana de C\u00facuta cuentan con dos horarios disponibles en Convenio&hellip;<\/p>\n","protected":false},"author":1,"featured_media":1103,"comment_status":"closed","ping_status":"open","sticky":false,"template":"","format":"standard","meta":{"om_disable_all_campaigns":false,"_mi_skip_tracking":false,"footnotes":"","_expiration-date-status":"","_expiration-date":0,"_expiration-date-type":"","_expiration-date-categories":[],"_expiration-date-options":[]},"categories":[8,108],"tags":[],"class_list":["post-1101","post","type-post","status-publish","format-standard","has-post-thumbnail","hentry","category-comision-tecnica","category-eventos"],"aioseo_notices":[],"_links":{"self":[{"href":"https:\/\/coarnos.com\/index.php\/wp-json\/wp\/v2\/posts\/1101","targetHints":{"allow":["GET"]}}],"collection":[{"href":"https:\/\/coarnos.com\/index.php\/wp-json\/wp\/v2\/posts"}],"about":[{"href":"https:\/\/coarnos.com\/index.php\/wp-json\/wp\/v2\/types\/post"}],"author":[{"embeddable":true,"href":"https:\/\/coarnos.com\/index.php\/wp-json\/wp\/v2\/users\/1"}],"replies":[{"embeddable":true,"href":"https:\/\/coarnos.com\/index.php\/wp-json\/wp\/v2\/comments?post=1101"}],"version-history":[{"count":3,"href":"https:\/\/coarnos.com\/index.php\/wp-json\/wp\/v2\/posts\/1101\/revisions"}],"predecessor-version":[{"id":1109,"href":"https:\/\/coarnos.com\/index.php\/wp-json\/wp\/v2\/posts\/1101\/revisions\/1109"}],"wp:featuredmedia":[{"embeddable":true,"href":"https:\/\/coarnos.com\/index.php\/wp-json\/wp\/v2\/media\/1103"}],"wp:attachment":[{"href":"https:\/\/coarnos.com\/index.php\/wp-json\/wp\/v2\/media?parent=1101"}],"wp:term":[{"taxonomy":"category","embeddable":true,"href":"https:\/\/coarnos.com\/index.php\/wp-json\/wp\/v2\/categories?post=1101"},{"taxonomy":"post_tag","embeddable":true,"href":"https:\/\/coarnos.com\/index.php\/wp-json\/wp\/v2\/tags?post=1101"}],"curies":[{"name":"wp","href":"https:\/\/api.w.org\/{rel}","templated":true}]}}