{"id":892,"date":"2026-03-07T09:20:29","date_gmt":"2026-03-07T14:20:29","guid":{"rendered":"https:\/\/coarnos.com\/?p=892"},"modified":"2026-03-07T09:20:56","modified_gmt":"2026-03-07T14:20:56","slug":"curso-de-arbitros-de-futbol-futsal-y-futbol-playa-2026","status":"publish","type":"post","link":"https:\/\/coarnos.com\/index.php\/2026\/03\/07\/curso-de-arbitros-de-futbol-futsal-y-futbol-playa-2026\/","title":{"rendered":"Curso de Arbitros de F\u00fatbol, FUTSAL y F\u00fatbol Playa 2026"},"content":{"rendered":"\n<blockquote class=\"wp-block-quote is-layout-flow wp-block-quote-is-layout-flow\">\n<p>Nuestra entidad en el marco de capacitaciones ha iniciado el 2 de marzo con el curso de aspirantes para \u00e1rbitros.<\/p>\n<\/blockquote>\n\n\n\n<p>En esta ocasi\u00f3n los aspirantes a \u00e1rbitros contar\u00e1n con las tres disciplinas que actualmente ofrece la entidad para la prestaci\u00f3n de servicios, las cuales son F\u00fatbol, FUTSAL y F\u00fatbol Playa; as\u00ed mismo los m\u00e1s de veinticinco aspirantes inscritos tendr\u00e1n una capacitaci\u00f3n en modalidad h\u00edbrida en su formaci\u00f3n te\u00f3rica (clases presenciales y virtuales), para ello hemos dispuesto de zoom workplace la plataforma de colaboraci\u00f3n integral basada en inteligencia artificial (IA) mejorando la comunicaci\u00f3n mucho m\u00e1s all\u00e1 de videollamadas, chats, correos, reuniones, pizarras y notas de trabajo, as\u00ed mismo de disponer de la plataforma E-Learning donde encontrar\u00e1n los recursos y materiales de estudio, as\u00ed mismo elaborar trabajos y evaluaciones, las clases presenciales las realizar\u00e1n en la sede de la instituci\u00f3n y contar\u00e1n con herramientas colaborativas de trabajo y multimedia.<\/p>\n\n\n\n<details class=\"wp-block-details is-layout-flow wp-block-details-is-layout-flow\"><summary>Adicional a ello, los participantes tambi\u00e9n\u00a0 realizar\u00e1n entrenamientos f\u00edsicos t\u00e9cnico-pr\u00e1cticos que permitir\u00e1n avanzar desde la segunda semana en los aspectos relevantes de la labor arbitral.<\/summary>\n<p><\/p>\n<\/details>\n\n\n\n<div class=\"wp-block-media-text is-stacked-on-mobile\"><figure class=\"wp-block-media-text__media\"><img loading=\"lazy\" decoding=\"async\" width=\"1024\" height=\"567\" src=\"https:\/\/coarnos.com\/wp-content\/uploads\/2026\/03\/WhatsApp-Image-2026-03-06-at-22.46.42-1024x567.jpeg\" alt=\"\" class=\"wp-image-893 size-full\" srcset=\"https:\/\/coarnos.com\/wp-content\/uploads\/2026\/03\/WhatsApp-Image-2026-03-06-at-22.46.42-1024x567.jpeg 1024w, https:\/\/coarnos.com\/wp-content\/uploads\/2026\/03\/WhatsApp-Image-2026-03-06-at-22.46.42-300x166.jpeg 300w, https:\/\/coarnos.com\/wp-content\/uploads\/2026\/03\/WhatsApp-Image-2026-03-06-at-22.46.42-768x425.jpeg 768w, https:\/\/coarnos.com\/wp-content\/uploads\/2026\/03\/WhatsApp-Image-2026-03-06-at-22.46.42-100x55.jpeg 100w, https:\/\/coarnos.com\/wp-content\/uploads\/2026\/03\/WhatsApp-Image-2026-03-06-at-22.46.42-1536x851.jpeg 1536w, https:\/\/coarnos.com\/wp-content\/uploads\/2026\/03\/WhatsApp-Image-2026-03-06-at-22.46.42.jpeg 1600w\" sizes=\"auto, (max-width: 1024px) 100vw, 1024px\" \/><\/figure><div class=\"wp-block-media-text__content\">\n<p>Los tutores de la capacitaci\u00f3n ser\u00e1n los \u00e1rbitros internacionales, primera y segunda divisi\u00f3n en la rama de f\u00fatbol, as\u00ed como los \u00e1rbitros profesionales de FUTSAL y destacados a nivel departamental de dicha disciplina, \u00e1rbitro de F\u00fatbol Playa Nacional y los Instructores Nacionales de F\u00fatbol, FUTSAL y F\u00fatbol Playa.<\/p>\n<\/div><\/div>\n\n\n\n<p>Para las primeras clases el Comit\u00e9 Ejecutivo, el Lic. Jos\u00e9 Alexander Ort\u00edz (Arbitro FIFA) y Ricardo Pab\u00f3n (Arbitro Primera Divisi\u00f3n) junto con la Comisi\u00f3n T\u00e9cnica, Ing. Mar\u00eda Victoria Daza (Arbitra FIFA), Ing. Alexander Guzm\u00e1n (Arbitro Asistente FIFA) y Lic. Uriel Salvador Rey (Instructor F\u00fatbol) dieron la bienvenida y presentaron las generalidades del curso, donde como valor agregado se contar\u00e1n con clases de inducci\u00f3n a ingl\u00e9s t\u00e9cnico, psicolog\u00eda, protocolo VAR, Nutrici\u00f3n y Sistema COMET.<\/p>\n\n\n\n<blockquote class=\"wp-block-quote is-layout-flow wp-block-quote-is-layout-flow\">\n<p>Bienvenida a nuestros aspirantes 2026, ser\u00e1n dos (2) meses de capacitaci\u00f3n integral.<\/p>\n<\/blockquote>\n","protected":false},"excerpt":{"rendered":"<p>Nuestra entidad en el marco de capacitaciones ha iniciado el 2 de marzo con el curso de aspirantes para \u00e1rbitros.&hellip;<\/p>\n","protected":false},"author":1,"featured_media":894,"comment_status":"closed","ping_status":"open","sticky":false,"template":"","format":"standard","meta":{"om_disable_all_campaigns":false,"_mi_skip_tracking":false,"footnotes":"","_expiration-date-status":"","_expiration-date":0,"_expiration-date-type":"","_expiration-date-categories":[],"_expiration-date-options":[]},"categories":[8],"tags":[],"class_list":["post-892","post","type-post","status-publish","format-standard","has-post-thumbnail","hentry","category-comision-tecnica"],"aioseo_notices":[],"_links":{"self":[{"href":"https:\/\/coarnos.com\/index.php\/wp-json\/wp\/v2\/posts\/892","targetHints":{"allow":["GET"]}}],"collection":[{"href":"https:\/\/coarnos.com\/index.php\/wp-json\/wp\/v2\/posts"}],"about":[{"href":"https:\/\/coarnos.com\/index.php\/wp-json\/wp\/v2\/types\/post"}],"author":[{"embeddable":true,"href":"https:\/\/coarnos.com\/index.php\/wp-json\/wp\/v2\/users\/1"}],"replies":[{"embeddable":true,"href":"https:\/\/coarnos.com\/index.php\/wp-json\/wp\/v2\/comments?post=892"}],"version-history":[{"count":1,"href":"https:\/\/coarnos.com\/index.php\/wp-json\/wp\/v2\/posts\/892\/revisions"}],"predecessor-version":[{"id":895,"href":"https:\/\/coarnos.com\/index.php\/wp-json\/wp\/v2\/posts\/892\/revisions\/895"}],"wp:featuredmedia":[{"embeddable":true,"href":"https:\/\/coarnos.com\/index.php\/wp-json\/wp\/v2\/media\/894"}],"wp:attachment":[{"href":"https:\/\/coarnos.com\/index.php\/wp-json\/wp\/v2\/media?parent=892"}],"wp:term":[{"taxonomy":"category","embeddable":true,"href":"https:\/\/coarnos.com\/index.php\/wp-json\/wp\/v2\/categories?post=892"},{"taxonomy":"post_tag","embeddable":true,"href":"https:\/\/coarnos.com\/index.php\/wp-json\/wp\/v2\/tags?post=892"}],"curies":[{"name":"wp","href":"https:\/\/api.w.org\/{rel}","templated":true}]}}